{"id":137,"date":"2025-02-19T19:24:15","date_gmt":"2025-02-19T18:24:15","guid":{"rendered":"https:\/\/www.louiskleingolf.com\/cs\/?p=137"},"modified":"2025-02-20T11:22:43","modified_gmt":"2025-02-20T10:22:43","slug":"louisuv-uzasny-druhy-vysledek-na-mezinarodnim-amaterskem-sampionatu-v-portugalsku","status":"publish","type":"post","link":"https:\/\/www.louiskleingolf.com\/cs\/louisuv-uzasny-druhy-vysledek-na-mezinarodnim-amaterskem-sampionatu-v-portugalsku\/","title":{"rendered":"Louisovo \u00fa\u017easn\u00e9 druh\u00e9 m\u00edsto na mezin\u00e1rodn\u00edm amat\u00e9rsk\u00e9m mistrovstv\u00ed Portugalska"},"content":{"rendered":"\n<p>Louis skon\u010dil na druh\u00e9m m\u00edst\u011b na 95. mezin\u00e1rodn\u00edm amat\u00e9rsk\u00e9m \u0161ampion\u00e1tu 2025 v Penin\u011b, Portugalsko, s v\u00fdsledkem 16 pod par (76, 68, 68, 64). Druh\u00e9 m\u00edsto p\u0159i\u0161lo po monument\u00e1ln\u00edm obratu, kter\u00fd n\u00e1sledoval po prvn\u00edm kole nad par, na jeho\u017e konci byl mezi druhou polovinou 120 hr\u00e1\u010d\u016f. Louis m\u011bl po prvn\u00edm dni po 16 jamk\u00e1ch p\u011bt ran nad par a od t\u00e9 chv\u00edle zahr\u00e1l zb\u00fdvaj\u00edc\u00edch 56 jamek s 21 ranami pod par. \u00da\u017easn\u00fd obrat vyvrcholil ve fin\u00e1lov\u00e9m kole, kdy zahr\u00e1l 9 ran pod par, zakon\u010dil p\u011bti birdie v \u0159ad\u011b a zahr\u00e1l nejni\u017e\u0161\u00ed kolo t\u00fddne.<\/p>\n\n\n\n<p>Turnaj se konal v golfov\u00e9m klubu Penina. Byl to prvn\u00ed turnaj velk\u00fdch evropsk\u00fdch n\u00e1rodn\u00edch \u0161ampion\u00e1t\u016f tohoto roku. Hr\u00e1\u010dsk\u00e9 pole bylo pln\u00e9 v\u0161ech \u0161pi\u010dkov\u00fdch evropsk\u00fdch amat\u00e9r\u016f. Turnaj tak\u00e9 slou\u017eil jako prvn\u00ed kvalifika\u010dn\u00ed ud\u00e1lost pro Junior Ryder Cup. Turnaj vyhr\u00e1l dvacetidvoulet\u00fd Angli\u010dan Eliot Baker.<\/p>\n","protected":false},"excerpt":{"rendered":"<p>Louis skon\u010dil na druh\u00e9m m\u00edst\u011b na 95. mezin\u00e1rodn\u00edm amat\u00e9rsk\u00e9m \u0161ampion\u00e1tu 2025 v Penin\u011b, Portugalsko, s v\u00fdsledkem 16 pod par (76, 68, 68, 64). Druh\u00e9 m\u00edsto p\u0159i\u0161lo po monument\u00e1ln\u00edm obratu, kter\u00fd n\u00e1sledoval po prvn\u00edm kole nad par, na jeho\u017e konci byl mezi druhou polovinou 120 hr\u00e1\u010d\u016f. Louis m\u011bl po prvn\u00edm dni po 16 jamk\u00e1ch p\u011bt ran [&hellip;]<\/p>\n","protected":false},"author":1,"featured_media":139,"comment_status":"open","ping_status":"open","sticky":false,"template":"","format":"standard","meta":{"_acf_changed":false,"inline_featured_image":false,"footnotes":""},"categories":[2],"tags":[],"class_list":["post-137","post","type-post","status-publish","format-standard","has-post-thumbnail","hentry","category-novinky"],"acf":[],"yoast_head":"<!-- This site is optimized with the Yoast SEO plugin v24.4 - https:\/\/yoast.com\/wordpress\/plugins\/seo\/ -->\n<title>Louisovo \u00fa\u017easn\u00e9 druh\u00e9 m\u00edsto na mezin\u00e1rodn\u00edm amat\u00e9rsk\u00e9m mistrovstv\u00ed Portugalska - louiskleingolf.com - CZ<\/title>\n<meta name=\"robots\" content=\"index, follow, max-snippet:-1, max-image-preview:large, max-video-preview:-1\" \/>\n<link rel=\"canonical\" href=\"https:\/\/www.louiskleingolf.com\/cs\/louisuv-uzasny-druhy-vysledek-na-mezinarodnim-amaterskem-sampionatu-v-portugalsku\/\" \/>\n<meta property=\"og:locale\" content=\"cs_CZ\" \/>\n<meta property=\"og:type\" content=\"article\" \/>\n<meta property=\"og:title\" content=\"Louisovo \u00fa\u017easn\u00e9 druh\u00e9 m\u00edsto na mezin\u00e1rodn\u00edm amat\u00e9rsk\u00e9m mistrovstv\u00ed Portugalska - louiskleingolf.com - CZ\" \/>\n<meta property=\"og:description\" content=\"Louis skon\u010dil na druh\u00e9m m\u00edst\u011b na 95. mezin\u00e1rodn\u00edm amat\u00e9rsk\u00e9m \u0161ampion\u00e1tu 2025 v Penin\u011b, Portugalsko, s v\u00fdsledkem 16 pod par (76, 68, 68, 64). Druh\u00e9 m\u00edsto p\u0159i\u0161lo po monument\u00e1ln\u00edm obratu, kter\u00fd n\u00e1sledoval po prvn\u00edm kole nad par, na jeho\u017e konci byl mezi druhou polovinou 120 hr\u00e1\u010d\u016f. Louis m\u011bl po prvn\u00edm dni po 16 jamk\u00e1ch p\u011bt ran [&hellip;]\" \/>\n<meta property=\"og:url\" content=\"https:\/\/www.louiskleingolf.com\/cs\/louisuv-uzasny-druhy-vysledek-na-mezinarodnim-amaterskem-sampionatu-v-portugalsku\/\" \/>\n<meta property=\"og:site_name\" content=\"louiskleingolf.com - CZ\" \/>\n<meta property=\"article:published_time\" content=\"2025-02-19T18:24:15+00:00\" \/>\n<meta property=\"article:modified_time\" content=\"2025-02-20T10:22:43+00:00\" \/>\n<meta property=\"og:image\" content=\"http:\/\/www.louiskleingolf.com\/cs\/wp-content\/uploads\/sites\/2\/2025\/02\/asdsdggdhg.jpg\" \/>\n\t<meta property=\"og:image:width\" content=\"1800\" \/>\n\t<meta property=\"og:image:height\" content=\"1200\" \/>\n\t<meta property=\"og:image:type\" content=\"image\/jpeg\" \/>\n<meta name=\"author\" content=\"louisklein\" \/>\n<meta name=\"twitter:card\" content=\"summary_large_image\" \/>\n<meta name=\"twitter:label1\" content=\"Napsal(a)\" \/>\n\t<meta name=\"twitter:data1\" content=\"louisklein\" \/>\n\t<meta name=\"twitter:label2\" content=\"Odhadovan\u00e1 doba \u010dten\u00ed\" \/>\n\t<meta name=\"twitter:data2\" content=\"1 minuta\" \/>\n<script type=\"application\/ld+json\" class=\"yoast-schema-graph\">{\"@context\":\"https:\/\/schema.org\",\"@graph\":[{\"@type\":\"WebPage\",\"@id\":\"https:\/\/www.louiskleingolf.com\/cs\/louisuv-uzasny-druhy-vysledek-na-mezinarodnim-amaterskem-sampionatu-v-portugalsku\/\",\"url\":\"https:\/\/www.louiskleingolf.com\/cs\/louisuv-uzasny-druhy-vysledek-na-mezinarodnim-amaterskem-sampionatu-v-portugalsku\/\",\"name\":\"Louisovo \u00fa\u017easn\u00e9 druh\u00e9 m\u00edsto na mezin\u00e1rodn\u00edm amat\u00e9rsk\u00e9m mistrovstv\u00ed Portugalska - louiskleingolf.com - CZ\",\"isPartOf\":{\"@id\":\"https:\/\/www.louiskleingolf.com\/cs\/#website\"},\"primaryImageOfPage\":{\"@id\":\"https:\/\/www.louiskleingolf.com\/cs\/louisuv-uzasny-druhy-vysledek-na-mezinarodnim-amaterskem-sampionatu-v-portugalsku\/#primaryimage\"},\"image\":{\"@id\":\"https:\/\/www.louiskleingolf.com\/cs\/louisuv-uzasny-druhy-vysledek-na-mezinarodnim-amaterskem-sampionatu-v-portugalsku\/#primaryimage\"},\"thumbnailUrl\":\"https:\/\/www.louiskleingolf.com\/cs\/wp-content\/uploads\/sites\/2\/2025\/02\/asdsdggdhg.jpg\",\"datePublished\":\"2025-02-19T18:24:15+00:00\",\"dateModified\":\"2025-02-20T10:22:43+00:00\",\"author\":{\"@id\":\"https:\/\/www.louiskleingolf.com\/cs\/#\/schema\/person\/9cb7c4f72465230c8e53aa6c11442b16\"},\"breadcrumb\":{\"@id\":\"https:\/\/www.louiskleingolf.com\/cs\/louisuv-uzasny-druhy-vysledek-na-mezinarodnim-amaterskem-sampionatu-v-portugalsku\/#breadcrumb\"},\"inLanguage\":\"cs\",\"potentialAction\":[{\"@type\":\"ReadAction\",\"target\":[\"https:\/\/www.louiskleingolf.com\/cs\/louisuv-uzasny-druhy-vysledek-na-mezinarodnim-amaterskem-sampionatu-v-portugalsku\/\"]}]},{\"@type\":\"ImageObject\",\"inLanguage\":\"cs\",\"@id\":\"https:\/\/www.louiskleingolf.com\/cs\/louisuv-uzasny-druhy-vysledek-na-mezinarodnim-amaterskem-sampionatu-v-portugalsku\/#primaryimage\",\"url\":\"https:\/\/www.louiskleingolf.com\/cs\/wp-content\/uploads\/sites\/2\/2025\/02\/asdsdggdhg.jpg\",\"contentUrl\":\"https:\/\/www.louiskleingolf.com\/cs\/wp-content\/uploads\/sites\/2\/2025\/02\/asdsdggdhg.jpg\",\"width\":1800,\"height\":1200},{\"@type\":\"BreadcrumbList\",\"@id\":\"https:\/\/www.louiskleingolf.com\/cs\/louisuv-uzasny-druhy-vysledek-na-mezinarodnim-amaterskem-sampionatu-v-portugalsku\/#breadcrumb\",\"itemListElement\":[{\"@type\":\"ListItem\",\"position\":1,\"name\":\"Dom\u016f\",\"item\":\"https:\/\/www.louiskleingolf.com\/cs\/\"},{\"@type\":\"ListItem\",\"position\":2,\"name\":\"Louisovo \u00fa\u017easn\u00e9 druh\u00e9 m\u00edsto na mezin\u00e1rodn\u00edm amat\u00e9rsk\u00e9m mistrovstv\u00ed Portugalska\"}]},{\"@type\":\"WebSite\",\"@id\":\"https:\/\/www.louiskleingolf.com\/cs\/#website\",\"url\":\"https:\/\/www.louiskleingolf.com\/cs\/\",\"name\":\"louiskleingolf.com - CZ\",\"description\":\"\",\"potentialAction\":[{\"@type\":\"SearchAction\",\"target\":{\"@type\":\"EntryPoint\",\"urlTemplate\":\"https:\/\/www.louiskleingolf.com\/cs\/?s={search_term_string}\"},\"query-input\":{\"@type\":\"PropertyValueSpecification\",\"valueRequired\":true,\"valueName\":\"search_term_string\"}}],\"inLanguage\":\"cs\"},{\"@type\":\"Person\",\"@id\":\"https:\/\/www.louiskleingolf.com\/cs\/#\/schema\/person\/9cb7c4f72465230c8e53aa6c11442b16\",\"name\":\"louisklein\",\"image\":{\"@type\":\"ImageObject\",\"inLanguage\":\"cs\",\"@id\":\"https:\/\/www.louiskleingolf.com\/cs\/#\/schema\/person\/image\/\",\"url\":\"https:\/\/secure.gravatar.com\/avatar\/75a205c03b4279c196a5d22343807bc8?s=96&d=mm&r=g\",\"contentUrl\":\"https:\/\/secure.gravatar.com\/avatar\/75a205c03b4279c196a5d22343807bc8?s=96&d=mm&r=g\",\"caption\":\"louisklein\"},\"sameAs\":[\"http:\/\/localhost\/wordpress\"],\"url\":\"https:\/\/www.louiskleingolf.com\/cs\/author\/louisklein\/\"}]}<\/script>\n<!-- \/ Yoast SEO plugin. -->","yoast_head_json":{"title":"Louisovo \u00fa\u017easn\u00e9 druh\u00e9 m\u00edsto na mezin\u00e1rodn\u00edm amat\u00e9rsk\u00e9m mistrovstv\u00ed Portugalska - louiskleingolf.com - CZ","robots":{"index":"index","follow":"follow","max-snippet":"max-snippet:-1","max-image-preview":"max-image-preview:large","max-video-preview":"max-video-preview:-1"},"canonical":"https:\/\/www.louiskleingolf.com\/cs\/louisuv-uzasny-druhy-vysledek-na-mezinarodnim-amaterskem-sampionatu-v-portugalsku\/","og_locale":"cs_CZ","og_type":"article","og_title":"Louisovo \u00fa\u017easn\u00e9 druh\u00e9 m\u00edsto na mezin\u00e1rodn\u00edm amat\u00e9rsk\u00e9m mistrovstv\u00ed Portugalska - louiskleingolf.com - CZ","og_description":"Louis skon\u010dil na druh\u00e9m m\u00edst\u011b na 95. mezin\u00e1rodn\u00edm amat\u00e9rsk\u00e9m \u0161ampion\u00e1tu 2025 v Penin\u011b, Portugalsko, s v\u00fdsledkem 16 pod par (76, 68, 68, 64). Druh\u00e9 m\u00edsto p\u0159i\u0161lo po monument\u00e1ln\u00edm obratu, kter\u00fd n\u00e1sledoval po prvn\u00edm kole nad par, na jeho\u017e konci byl mezi druhou polovinou 120 hr\u00e1\u010d\u016f. Louis m\u011bl po prvn\u00edm dni po 16 jamk\u00e1ch p\u011bt ran [&hellip;]","og_url":"https:\/\/www.louiskleingolf.com\/cs\/louisuv-uzasny-druhy-vysledek-na-mezinarodnim-amaterskem-sampionatu-v-portugalsku\/","og_site_name":"louiskleingolf.com - CZ","article_published_time":"2025-02-19T18:24:15+00:00","article_modified_time":"2025-02-20T10:22:43+00:00","og_image":[{"width":1800,"height":1200,"url":"http:\/\/www.louiskleingolf.com\/cs\/wp-content\/uploads\/sites\/2\/2025\/02\/asdsdggdhg.jpg","type":"image\/jpeg"}],"author":"louisklein","twitter_card":"summary_large_image","twitter_misc":{"Napsal(a)":"louisklein","Odhadovan\u00e1 doba \u010dten\u00ed":"1 minuta"},"schema":{"@context":"https:\/\/schema.org","@graph":[{"@type":"WebPage","@id":"https:\/\/www.louiskleingolf.com\/cs\/louisuv-uzasny-druhy-vysledek-na-mezinarodnim-amaterskem-sampionatu-v-portugalsku\/","url":"https:\/\/www.louiskleingolf.com\/cs\/louisuv-uzasny-druhy-vysledek-na-mezinarodnim-amaterskem-sampionatu-v-portugalsku\/","name":"Louisovo \u00fa\u017easn\u00e9 druh\u00e9 m\u00edsto na mezin\u00e1rodn\u00edm amat\u00e9rsk\u00e9m mistrovstv\u00ed Portugalska - louiskleingolf.com - CZ","isPartOf":{"@id":"https:\/\/www.louiskleingolf.com\/cs\/#website"},"primaryImageOfPage":{"@id":"https:\/\/www.louiskleingolf.com\/cs\/louisuv-uzasny-druhy-vysledek-na-mezinarodnim-amaterskem-sampionatu-v-portugalsku\/#primaryimage"},"image":{"@id":"https:\/\/www.louiskleingolf.com\/cs\/louisuv-uzasny-druhy-vysledek-na-mezinarodnim-amaterskem-sampionatu-v-portugalsku\/#primaryimage"},"thumbnailUrl":"https:\/\/www.louiskleingolf.com\/cs\/wp-content\/uploads\/sites\/2\/2025\/02\/asdsdggdhg.jpg","datePublished":"2025-02-19T18:24:15+00:00","dateModified":"2025-02-20T10:22:43+00:00","author":{"@id":"https:\/\/www.louiskleingolf.com\/cs\/#\/schema\/person\/9cb7c4f72465230c8e53aa6c11442b16"},"breadcrumb":{"@id":"https:\/\/www.louiskleingolf.com\/cs\/louisuv-uzasny-druhy-vysledek-na-mezinarodnim-amaterskem-sampionatu-v-portugalsku\/#breadcrumb"},"inLanguage":"cs","potentialAction":[{"@type":"ReadAction","target":["https:\/\/www.louiskleingolf.com\/cs\/louisuv-uzasny-druhy-vysledek-na-mezinarodnim-amaterskem-sampionatu-v-portugalsku\/"]}]},{"@type":"ImageObject","inLanguage":"cs","@id":"https:\/\/www.louiskleingolf.com\/cs\/louisuv-uzasny-druhy-vysledek-na-mezinarodnim-amaterskem-sampionatu-v-portugalsku\/#primaryimage","url":"https:\/\/www.louiskleingolf.com\/cs\/wp-content\/uploads\/sites\/2\/2025\/02\/asdsdggdhg.jpg","contentUrl":"https:\/\/www.louiskleingolf.com\/cs\/wp-content\/uploads\/sites\/2\/2025\/02\/asdsdggdhg.jpg","width":1800,"height":1200},{"@type":"BreadcrumbList","@id":"https:\/\/www.louiskleingolf.com\/cs\/louisuv-uzasny-druhy-vysledek-na-mezinarodnim-amaterskem-sampionatu-v-portugalsku\/#breadcrumb","itemListElement":[{"@type":"ListItem","position":1,"name":"Dom\u016f","item":"https:\/\/www.louiskleingolf.com\/cs\/"},{"@type":"ListItem","position":2,"name":"Louisovo \u00fa\u017easn\u00e9 druh\u00e9 m\u00edsto na mezin\u00e1rodn\u00edm amat\u00e9rsk\u00e9m mistrovstv\u00ed Portugalska"}]},{"@type":"WebSite","@id":"https:\/\/www.louiskleingolf.com\/cs\/#website","url":"https:\/\/www.louiskleingolf.com\/cs\/","name":"louiskleingolf.com - CZ","description":"","potentialAction":[{"@type":"SearchAction","target":{"@type":"EntryPoint","urlTemplate":"https:\/\/www.louiskleingolf.com\/cs\/?s={search_term_string}"},"query-input":{"@type":"PropertyValueSpecification","valueRequired":true,"valueName":"search_term_string"}}],"inLanguage":"cs"},{"@type":"Person","@id":"https:\/\/www.louiskleingolf.com\/cs\/#\/schema\/person\/9cb7c4f72465230c8e53aa6c11442b16","name":"louisklein","image":{"@type":"ImageObject","inLanguage":"cs","@id":"https:\/\/www.louiskleingolf.com\/cs\/#\/schema\/person\/image\/","url":"https:\/\/secure.gravatar.com\/avatar\/75a205c03b4279c196a5d22343807bc8?s=96&d=mm&r=g","contentUrl":"https:\/\/secure.gravatar.com\/avatar\/75a205c03b4279c196a5d22343807bc8?s=96&d=mm&r=g","caption":"louisklein"},"sameAs":["http:\/\/localhost\/wordpress"],"url":"https:\/\/www.louiskleingolf.com\/cs\/author\/louisklein\/"}]}},"_links":{"self":[{"href":"https:\/\/www.louiskleingolf.com\/cs\/wp-json\/wp\/v2\/posts\/137","targetHints":{"allow":["GET"]}}],"collection":[{"href":"https:\/\/www.louiskleingolf.com\/cs\/wp-json\/wp\/v2\/posts"}],"about":[{"href":"https:\/\/www.louiskleingolf.com\/cs\/wp-json\/wp\/v2\/types\/post"}],"author":[{"embeddable":true,"href":"https:\/\/www.louiskleingolf.com\/cs\/wp-json\/wp\/v2\/users\/1"}],"replies":[{"embeddable":true,"href":"https:\/\/www.louiskleingolf.com\/cs\/wp-json\/wp\/v2\/comments?post=137"}],"version-history":[{"count":3,"href":"https:\/\/www.louiskleingolf.com\/cs\/wp-json\/wp\/v2\/posts\/137\/revisions"}],"predecessor-version":[{"id":147,"href":"https:\/\/www.louiskleingolf.com\/cs\/wp-json\/wp\/v2\/posts\/137\/revisions\/147"}],"wp:featuredmedia":[{"embeddable":true,"href":"https:\/\/www.louiskleingolf.com\/cs\/wp-json\/wp\/v2\/media\/139"}],"wp:attachment":[{"href":"https:\/\/www.louiskleingolf.com\/cs\/wp-json\/wp\/v2\/media?parent=137"}],"wp:term":[{"taxonomy":"category","embeddable":true,"href":"https:\/\/www.louiskleingolf.com\/cs\/wp-json\/wp\/v2\/categories?post=137"},{"taxonomy":"post_tag","embeddable":true,"href":"https:\/\/www.louiskleingolf.com\/cs\/wp-json\/wp\/v2\/tags?post=137"}],"curies":[{"name":"wp","href":"https:\/\/api.w.org\/{rel}","templated":true}]}}