{"id":31,"date":"2025-01-22T16:03:32","date_gmt":"2025-01-22T16:03:32","guid":{"rendered":"https:\/\/louis-klein.mdworks-dev.cz\/?p=31"},"modified":"2025-01-22T16:03:32","modified_gmt":"2025-01-22T16:03:32","slug":"13-year-old-makes-history-at-challenge-tour-event","status":"publish","type":"post","link":"https:\/\/www.louiskleingolf.com\/cs\/13-year-old-makes-history-at-challenge-tour-event\/","title":{"rendered":"13-Year-Old Makes History At Challenge Tour Event"},"content":{"rendered":"","protected":false},"excerpt":{"rendered":"","protected":false},"author":1,"featured_media":32,"comment_status":"open","ping_status":"open","sticky":false,"template":"","format":"standard","meta":{"_acf_changed":false,"inline_featured_image":false,"footnotes":""},"categories":[4],"tags":[],"class_list":["post-31","post","type-post","status-publish","format-standard","has-post-thumbnail","hentry","category-napsali-o-mne"],"acf":[],"yoast_head":"<!-- This site is optimized with the Yoast SEO plugin v24.4 - https:\/\/yoast.com\/wordpress\/plugins\/seo\/ -->\n<title>13-Year-Old Makes History At Challenge Tour Event - louiskleingolf.com - CZ<\/title>\n<meta name=\"robots\" content=\"index, follow, max-snippet:-1, max-image-preview:large, max-video-preview:-1\" \/>\n<link rel=\"canonical\" href=\"https:\/\/www.louiskleingolf.com\/cs\/13-year-old-makes-history-at-challenge-tour-event\/\" \/>\n<meta property=\"og:locale\" content=\"cs_CZ\" \/>\n<meta property=\"og:type\" content=\"article\" \/>\n<meta property=\"og:title\" content=\"13-Year-Old Makes History At Challenge Tour Event - louiskleingolf.com - CZ\" \/>\n<meta property=\"og:url\" content=\"https:\/\/www.louiskleingolf.com\/cs\/13-year-old-makes-history-at-challenge-tour-event\/\" \/>\n<meta property=\"og:site_name\" content=\"louiskleingolf.com - CZ\" \/>\n<meta property=\"article:published_time\" content=\"2025-01-22T16:03:32+00:00\" \/>\n<meta property=\"og:image\" content=\"http:\/\/www.louiskleingolf.com\/cs\/wp-content\/uploads\/sites\/2\/2024\/12\/clanek01.jpg\" \/>\n\t<meta property=\"og:image:width\" content=\"1382\" \/>\n\t<meta property=\"og:image:height\" content=\"920\" \/>\n\t<meta property=\"og:image:type\" content=\"image\/jpeg\" \/>\n<meta name=\"author\" content=\"louisklein\" \/>\n<meta name=\"twitter:card\" content=\"summary_large_image\" \/>\n<meta name=\"twitter:label1\" content=\"Napsal(a)\" \/>\n\t<meta name=\"twitter:data1\" content=\"louisklein\" \/>\n\t<meta name=\"twitter:label2\" content=\"Odhadovan\u00e1 doba \u010dten\u00ed\" \/>\n\t<meta name=\"twitter:data2\" content=\"1 minuta\" \/>\n<script type=\"application\/ld+json\" class=\"yoast-schema-graph\">{\"@context\":\"https:\/\/schema.org\",\"@graph\":[{\"@type\":\"WebPage\",\"@id\":\"https:\/\/www.louiskleingolf.com\/cs\/13-year-old-makes-history-at-challenge-tour-event\/\",\"url\":\"https:\/\/www.louiskleingolf.com\/cs\/13-year-old-makes-history-at-challenge-tour-event\/\",\"name\":\"13-Year-Old Makes History At Challenge Tour Event - louiskleingolf.com - CZ\",\"isPartOf\":{\"@id\":\"https:\/\/www.louiskleingolf.com\/cs\/#website\"},\"primaryImageOfPage\":{\"@id\":\"https:\/\/www.louiskleingolf.com\/cs\/13-year-old-makes-history-at-challenge-tour-event\/#primaryimage\"},\"image\":{\"@id\":\"https:\/\/www.louiskleingolf.com\/cs\/13-year-old-makes-history-at-challenge-tour-event\/#primaryimage\"},\"thumbnailUrl\":\"https:\/\/www.louiskleingolf.com\/cs\/wp-content\/uploads\/sites\/2\/2024\/12\/clanek01.jpg\",\"datePublished\":\"2025-01-22T16:03:32+00:00\",\"author\":{\"@id\":\"https:\/\/www.louiskleingolf.com\/cs\/#\/schema\/person\/9cb7c4f72465230c8e53aa6c11442b16\"},\"breadcrumb\":{\"@id\":\"https:\/\/www.louiskleingolf.com\/cs\/13-year-old-makes-history-at-challenge-tour-event\/#breadcrumb\"},\"inLanguage\":\"cs\",\"potentialAction\":[{\"@type\":\"ReadAction\",\"target\":[\"https:\/\/www.louiskleingolf.com\/cs\/13-year-old-makes-history-at-challenge-tour-event\/\"]}]},{\"@type\":\"ImageObject\",\"inLanguage\":\"cs\",\"@id\":\"https:\/\/www.louiskleingolf.com\/cs\/13-year-old-makes-history-at-challenge-tour-event\/#primaryimage\",\"url\":\"https:\/\/www.louiskleingolf.com\/cs\/wp-content\/uploads\/sites\/2\/2024\/12\/clanek01.jpg\",\"contentUrl\":\"https:\/\/www.louiskleingolf.com\/cs\/wp-content\/uploads\/sites\/2\/2024\/12\/clanek01.jpg\",\"width\":1382,\"height\":920},{\"@type\":\"BreadcrumbList\",\"@id\":\"https:\/\/www.louiskleingolf.com\/cs\/13-year-old-makes-history-at-challenge-tour-event\/#breadcrumb\",\"itemListElement\":[{\"@type\":\"ListItem\",\"position\":1,\"name\":\"Dom\u016f\",\"item\":\"https:\/\/www.louiskleingolf.com\/cs\/\"},{\"@type\":\"ListItem\",\"position\":2,\"name\":\"13-Year-Old Makes History At Challenge Tour Event\"}]},{\"@type\":\"WebSite\",\"@id\":\"https:\/\/www.louiskleingolf.com\/cs\/#website\",\"url\":\"https:\/\/www.louiskleingolf.com\/cs\/\",\"name\":\"louiskleingolf.com - CZ\",\"description\":\"\",\"potentialAction\":[{\"@type\":\"SearchAction\",\"target\":{\"@type\":\"EntryPoint\",\"urlTemplate\":\"https:\/\/www.louiskleingolf.com\/cs\/?s={search_term_string}\"},\"query-input\":{\"@type\":\"PropertyValueSpecification\",\"valueRequired\":true,\"valueName\":\"search_term_string\"}}],\"inLanguage\":\"cs\"},{\"@type\":\"Person\",\"@id\":\"https:\/\/www.louiskleingolf.com\/cs\/#\/schema\/person\/9cb7c4f72465230c8e53aa6c11442b16\",\"name\":\"louisklein\",\"image\":{\"@type\":\"ImageObject\",\"inLanguage\":\"cs\",\"@id\":\"https:\/\/www.louiskleingolf.com\/cs\/#\/schema\/person\/image\/\",\"url\":\"https:\/\/secure.gravatar.com\/avatar\/75a205c03b4279c196a5d22343807bc8?s=96&d=mm&r=g\",\"contentUrl\":\"https:\/\/secure.gravatar.com\/avatar\/75a205c03b4279c196a5d22343807bc8?s=96&d=mm&r=g\",\"caption\":\"louisklein\"},\"sameAs\":[\"http:\/\/localhost\/wordpress\"],\"url\":\"https:\/\/www.louiskleingolf.com\/cs\/author\/louisklein\/\"}]}<\/script>\n<!-- \/ Yoast SEO plugin. -->","yoast_head_json":{"title":"13-Year-Old Makes History At Challenge Tour Event - louiskleingolf.com - CZ","robots":{"index":"index","follow":"follow","max-snippet":"max-snippet:-1","max-image-preview":"max-image-preview:large","max-video-preview":"max-video-preview:-1"},"canonical":"https:\/\/www.louiskleingolf.com\/cs\/13-year-old-makes-history-at-challenge-tour-event\/","og_locale":"cs_CZ","og_type":"article","og_title":"13-Year-Old Makes History At Challenge Tour Event - louiskleingolf.com - CZ","og_url":"https:\/\/www.louiskleingolf.com\/cs\/13-year-old-makes-history-at-challenge-tour-event\/","og_site_name":"louiskleingolf.com - CZ","article_published_time":"2025-01-22T16:03:32+00:00","og_image":[{"width":1382,"height":920,"url":"http:\/\/www.louiskleingolf.com\/cs\/wp-content\/uploads\/sites\/2\/2024\/12\/clanek01.jpg","type":"image\/jpeg"}],"author":"louisklein","twitter_card":"summary_large_image","twitter_misc":{"Napsal(a)":"louisklein","Odhadovan\u00e1 doba \u010dten\u00ed":"1 minuta"},"schema":{"@context":"https:\/\/schema.org","@graph":[{"@type":"WebPage","@id":"https:\/\/www.louiskleingolf.com\/cs\/13-year-old-makes-history-at-challenge-tour-event\/","url":"https:\/\/www.louiskleingolf.com\/cs\/13-year-old-makes-history-at-challenge-tour-event\/","name":"13-Year-Old Makes History At Challenge Tour Event - louiskleingolf.com - CZ","isPartOf":{"@id":"https:\/\/www.louiskleingolf.com\/cs\/#website"},"primaryImageOfPage":{"@id":"https:\/\/www.louiskleingolf.com\/cs\/13-year-old-makes-history-at-challenge-tour-event\/#primaryimage"},"image":{"@id":"https:\/\/www.louiskleingolf.com\/cs\/13-year-old-makes-history-at-challenge-tour-event\/#primaryimage"},"thumbnailUrl":"https:\/\/www.louiskleingolf.com\/cs\/wp-content\/uploads\/sites\/2\/2024\/12\/clanek01.jpg","datePublished":"2025-01-22T16:03:32+00:00","author":{"@id":"https:\/\/www.louiskleingolf.com\/cs\/#\/schema\/person\/9cb7c4f72465230c8e53aa6c11442b16"},"breadcrumb":{"@id":"https:\/\/www.louiskleingolf.com\/cs\/13-year-old-makes-history-at-challenge-tour-event\/#breadcrumb"},"inLanguage":"cs","potentialAction":[{"@type":"ReadAction","target":["https:\/\/www.louiskleingolf.com\/cs\/13-year-old-makes-history-at-challenge-tour-event\/"]}]},{"@type":"ImageObject","inLanguage":"cs","@id":"https:\/\/www.louiskleingolf.com\/cs\/13-year-old-makes-history-at-challenge-tour-event\/#primaryimage","url":"https:\/\/www.louiskleingolf.com\/cs\/wp-content\/uploads\/sites\/2\/2024\/12\/clanek01.jpg","contentUrl":"https:\/\/www.louiskleingolf.com\/cs\/wp-content\/uploads\/sites\/2\/2024\/12\/clanek01.jpg","width":1382,"height":920},{"@type":"BreadcrumbList","@id":"https:\/\/www.louiskleingolf.com\/cs\/13-year-old-makes-history-at-challenge-tour-event\/#breadcrumb","itemListElement":[{"@type":"ListItem","position":1,"name":"Dom\u016f","item":"https:\/\/www.louiskleingolf.com\/cs\/"},{"@type":"ListItem","position":2,"name":"13-Year-Old Makes History At Challenge Tour Event"}]},{"@type":"WebSite","@id":"https:\/\/www.louiskleingolf.com\/cs\/#website","url":"https:\/\/www.louiskleingolf.com\/cs\/","name":"louiskleingolf.com - CZ","description":"","potentialAction":[{"@type":"SearchAction","target":{"@type":"EntryPoint","urlTemplate":"https:\/\/www.louiskleingolf.com\/cs\/?s={search_term_string}"},"query-input":{"@type":"PropertyValueSpecification","valueRequired":true,"valueName":"search_term_string"}}],"inLanguage":"cs"},{"@type":"Person","@id":"https:\/\/www.louiskleingolf.com\/cs\/#\/schema\/person\/9cb7c4f72465230c8e53aa6c11442b16","name":"louisklein","image":{"@type":"ImageObject","inLanguage":"cs","@id":"https:\/\/www.louiskleingolf.com\/cs\/#\/schema\/person\/image\/","url":"https:\/\/secure.gravatar.com\/avatar\/75a205c03b4279c196a5d22343807bc8?s=96&d=mm&r=g","contentUrl":"https:\/\/secure.gravatar.com\/avatar\/75a205c03b4279c196a5d22343807bc8?s=96&d=mm&r=g","caption":"louisklein"},"sameAs":["http:\/\/localhost\/wordpress"],"url":"https:\/\/www.louiskleingolf.com\/cs\/author\/louisklein\/"}]}},"_links":{"self":[{"href":"https:\/\/www.louiskleingolf.com\/cs\/wp-json\/wp\/v2\/posts\/31","targetHints":{"allow":["GET"]}}],"collection":[{"href":"https:\/\/www.louiskleingolf.com\/cs\/wp-json\/wp\/v2\/posts"}],"about":[{"href":"https:\/\/www.louiskleingolf.com\/cs\/wp-json\/wp\/v2\/types\/post"}],"author":[{"embeddable":true,"href":"https:\/\/www.louiskleingolf.com\/cs\/wp-json\/wp\/v2\/users\/1"}],"replies":[{"embeddable":true,"href":"https:\/\/www.louiskleingolf.com\/cs\/wp-json\/wp\/v2\/comments?post=31"}],"version-history":[{"count":0,"href":"https:\/\/www.louiskleingolf.com\/cs\/wp-json\/wp\/v2\/posts\/31\/revisions"}],"wp:featuredmedia":[{"embeddable":true,"href":"https:\/\/www.louiskleingolf.com\/cs\/wp-json\/wp\/v2\/media\/32"}],"wp:attachment":[{"href":"https:\/\/www.louiskleingolf.com\/cs\/wp-json\/wp\/v2\/media?parent=31"}],"wp:term":[{"taxonomy":"category","embeddable":true,"href":"https:\/\/www.louiskleingolf.com\/cs\/wp-json\/wp\/v2\/categories?post=31"},{"taxonomy":"post_tag","embeddable":true,"href":"https:\/\/www.louiskleingolf.com\/cs\/wp-json\/wp\/v2\/tags?post=31"}],"curies":[{"name":"wp","href":"https:\/\/api.w.org\/{rel}","templated":true}]}}